{"id":282,"date":"2024-05-21T00:00:24","date_gmt":"2024-05-20T22:00:24","guid":{"rendered":"https:\/\/paffinguessan.online\/?p=282"},"modified":"2024-05-26T10:39:44","modified_gmt":"2024-05-26T08:39:44","slug":"hommage-henri-konan-bedie-pascal-affi-fpi","status":"publish","type":"post","link":"https:\/\/paffinguessan.fr\/index.php\/2024\/05\/21\/hommage-henri-konan-bedie-pascal-affi-fpi\/","title":{"rendered":"Pascal Affi N&rsquo;Guessan et le FPI rendent un dernier hommage \u00e0 Henri Konan B\u00e9di\u00e9, le grand b\u00e2tisseur de la C\u00f4te d&rsquo;Ivoire"},"content":{"rendered":"\n[et_pb_section fb_built=\u00a0\u00bb1&Prime; theme_builder_area=\u00a0\u00bbpost_content\u00a0\u00bb _builder_version=\u00a0\u00bb4.25.1&Prime; _module_preset=\u00a0\u00bbdefault\u00a0\u00bb][et_pb_row _builder_version=\u00a0\u00bb4.25.1&Prime; _module_preset=\u00a0\u00bbdefault\u00a0\u00bb theme_builder_area=\u00a0\u00bbpost_content\u00a0\u00bb][et_pb_column _builder_version=\u00a0\u00bb4.25.1&Prime; _module_preset=\u00a0\u00bbdefault\u00a0\u00bb type=\u00a0\u00bb4_4&Prime; theme_builder_area=\u00a0\u00bbpost_content\u00a0\u00bb][et_pb_text _builder_version=\u00a0\u00bb4.25.1&Prime; _module_preset=\u00a0\u00bbdefault\u00a0\u00bb theme_builder_area=\u00a0\u00bbpost_content\u00a0\u00bb hover_enabled=\u00a0\u00bb0&Prime; sticky_enabled=\u00a0\u00bb0&Prime;]<p>Le 21 mai 2024 restera grav\u00e9 dans les m\u00e9moires comme le jour o\u00f9 la C\u00f4te d&rsquo;Ivoire a dit adieu \u00e0 l&rsquo;un de ses grands hommes d&rsquo;\u00c9tat, feu Henri Konan B\u00e9di\u00e9. Dans un moment empreint de tristesse et de recueillement, le pr\u00e9sident Pascal Affi N&rsquo;Guessan a conduit une d\u00e9l\u00e9gation du Front Populaire Ivoirien (FPI) pour rendre un ultime hommage \u00e0 celui qui a marqu\u00e9 l&rsquo;histoire de notre nation.<\/p>[\/et_pb_text][et_pb_text _builder_version=\u00a0\u00bb4.25.1&Prime; _module_preset=\u00a0\u00bbdefault\u00a0\u00bb theme_builder_area=\u00a0\u00bbpost_content\u00a0\u00bb hover_enabled=\u00a0\u00bb0&Prime; sticky_enabled=\u00a0\u00bb0&Prime;]<p>Adieu M. le Pr\u00e9sident, Adieu cher p\u00e8re. Ces mots r\u00e9sonnent avec une profondeur in\u00e9gal\u00e9e alors que nous pleurons la disparition de celui qui a consacr\u00e9 sa vie \u00e0 la construction et au d\u00e9veloppement de notre pays. Grand B\u00e2tisseur, le Pr\u00e9sident B\u00e9di\u00e9 laisse derri\u00e8re lui un h\u00e9ritage ind\u00e9l\u00e9bile, incarnant des valeurs telles que le courage, la r\u00e9silience, l&rsquo;amour du prochain, la tol\u00e9rance et la paix.<\/p>[\/et_pb_text][et_pb_nextend_smart_slider_3 _builder_version=\u00a0\u00bb4.25.1&Prime; _module_preset=\u00a0\u00bbdefault\u00a0\u00bb theme_builder_area=\u00a0\u00bbpost_content\u00a0\u00bb slider=\u00a0\u00bb3&Prime; hover_enabled=\u00a0\u00bb0&Prime; sticky_enabled=\u00a0\u00bb0&Prime;][\/et_pb_nextend_smart_slider_3][et_pb_text _builder_version=\u00a0\u00bb4.25.1&Prime; _module_preset=\u00a0\u00bbdefault\u00a0\u00bb theme_builder_area=\u00a0\u00bbpost_content\u00a0\u00bb hover_enabled=\u00a0\u00bb0&Prime; sticky_enabled=\u00a0\u00bb0&Prime;]<p>Dans un geste de respect et d&rsquo;unit\u00e9 nationale, le pr\u00e9sident Pascal Affi N&rsquo;Guessan a pris part aux obs\u00e8ques de feu Henri Konan B\u00e9di\u00e9, t\u00e9moignant ainsi de l&rsquo;importance de mettre de c\u00f4t\u00e9 les clivages politiques pour rendre hommage \u00e0 un homme d&rsquo;\u00c9tat qui a \u0153uvr\u00e9 pour le bien-\u00eatre de tous les Ivoiriens. Cette d\u00e9marche transcende les lignes partisanes, rassemblant la droite et la gauche ivoirienne dans un moment de deuil national.<\/p>[\/et_pb_text][et_pb_text _builder_version=\u00a0\u00bb4.25.1&Prime; _module_preset=\u00a0\u00bbdefault\u00a0\u00bb theme_builder_area=\u00a0\u00bbpost_content\u00a0\u00bb hover_enabled=\u00a0\u00bb0&Prime; sticky_enabled=\u00a0\u00bb0&Prime;]<p>La visite hommage au pr\u00e9sident Henri Konan B\u00e9di\u00e9 a \u00e9t\u00e9 l&rsquo;occasion pour le pr\u00e9sident Pascal Affi N&rsquo;Guessan de saluer la m\u00e9moire de celui qui a contribu\u00e9 de mani\u00e8re significative au d\u00e9veloppement \u00e9conomique et social de la C\u00f4te d&rsquo;Ivoire. Cet hommage solennel rappelle \u00e9galement l&rsquo;importance de perp\u00e9tuer l&rsquo;h\u00e9ritage laiss\u00e9 par le d\u00e9funt pr\u00e9sident, en continuant \u00e0 promouvoir la paix, la stabilit\u00e9 et le progr\u00e8s dans notre nation.<\/p>[\/et_pb_text][et_pb_text _builder_version=\u00a0\u00bb4.25.1&Prime; _module_preset=\u00a0\u00bbdefault\u00a0\u00bb theme_builder_area=\u00a0\u00bbpost_content\u00a0\u00bb hover_enabled=\u00a0\u00bb0&Prime; sticky_enabled=\u00a0\u00bb0&Prime;]<p>Alors que nous nous recueillons devant la d\u00e9pouille de feu Henri Konan B\u00e9di\u00e9, que le Tout-Puissant l&rsquo;accueille dans son paradis et qu&rsquo;il veille sur la C\u00f4te d&rsquo;Ivoire qu&rsquo;il a tant aim\u00e9e et servie. En cet instant de deuil national, unis dans notre peine, nous nous engageons \u00e0 perp\u00e9tuer son h\u00e9ritage et \u00e0 \u0153uvrer pour un avenir meilleur pour notre cher pays.<\/p>[\/et_pb_text][\/et_pb_column][\/et_pb_row][\/et_pb_section]\n","protected":false},"excerpt":{"rendered":"<p>Le pr\u00e9sident Pascal Affi N&rsquo;Guessan a conduit une d\u00e9l\u00e9gation du Front Populaire Ivoirien pour rendre un ultime hommage \u00e0 celui qui a marqu\u00e9 l&rsquo;histoire de notre nation. Adieu M. le Pr\u00e9sident, Adieu cher p\u00e8re. Ces mots r\u00e9sonnent avec une profondeur in\u00e9gal\u00e9e alors que nous pleurons la disparition de celui qui a consacr\u00e9 sa vie \u00e0 la construction et au d\u00e9veloppement de notre pays.<\/p>\n","protected":false},"author":2,"featured_media":279,"comment_status":"open","ping_status":"open","sticky":false,"template":"","format":"standard","meta":{"_acf_changed":false,"_et_pb_use_builder":"on","_et_pb_old_content":"","_et_gb_content_width":"","footnotes":""},"categories":[9,21],"tags":[],"class_list":["post-282","post","type-post","status-publish","format-standard","has-post-thumbnail","hentry","category-actualites","category-hommage-du-fpi-a-henri-konan-bedie","et-has-post-format-content","et_post_format-et-post-format-standard"],"acf":[],"_links":{"self":[{"href":"https:\/\/paffinguessan.fr\/index.php\/wp-json\/wp\/v2\/posts\/282","targetHints":{"allow":["GET"]}}],"collection":[{"href":"https:\/\/paffinguessan.fr\/index.php\/wp-json\/wp\/v2\/posts"}],"about":[{"href":"https:\/\/paffinguessan.fr\/index.php\/wp-json\/wp\/v2\/types\/post"}],"author":[{"embeddable":true,"href":"https:\/\/paffinguessan.fr\/index.php\/wp-json\/wp\/v2\/users\/2"}],"replies":[{"embeddable":true,"href":"https:\/\/paffinguessan.fr\/index.php\/wp-json\/wp\/v2\/comments?post=282"}],"version-history":[{"count":3,"href":"https:\/\/paffinguessan.fr\/index.php\/wp-json\/wp\/v2\/posts\/282\/revisions"}],"predecessor-version":[{"id":287,"href":"https:\/\/paffinguessan.fr\/index.php\/wp-json\/wp\/v2\/posts\/282\/revisions\/287"}],"wp:featuredmedia":[{"embeddable":true,"href":"https:\/\/paffinguessan.fr\/index.php\/wp-json\/wp\/v2\/media\/279"}],"wp:attachment":[{"href":"https:\/\/paffinguessan.fr\/index.php\/wp-json\/wp\/v2\/media?parent=282"}],"wp:term":[{"taxonomy":"category","embeddable":true,"href":"https:\/\/paffinguessan.fr\/index.php\/wp-json\/wp\/v2\/categories?post=282"},{"taxonomy":"post_tag","embeddable":true,"href":"https:\/\/paffinguessan.fr\/index.php\/wp-json\/wp\/v2\/tags?post=282"}],"curies":[{"name":"wp","href":"https:\/\/api.w.org\/{rel}","templated":true}]}}