{"id":262,"date":"2024-05-22T00:00:52","date_gmt":"2024-05-21T22:00:52","guid":{"rendered":"https:\/\/paffinguessan.online\/?p=262"},"modified":"2024-05-26T10:39:11","modified_gmt":"2024-05-26T08:39:11","slug":"rencontre-diplomatique-fpi-ambassade-france","status":"publish","type":"post","link":"https:\/\/paffinguessan.fr\/index.php\/2024\/05\/22\/rencontre-diplomatique-fpi-ambassade-france\/","title":{"rendered":"Diplomatie : le Front Populaire Ivoirien \u0153uvre pour une paix durable en C\u00f4te d&rsquo;Ivoire"},"content":{"rendered":"<p>[et_pb_section fb_built=\u00a0\u00bb1&Prime; _builder_version=\u00a0\u00bb4.25.1&Prime; _module_preset=\u00a0\u00bbdefault\u00a0\u00bb global_colors_info=\u00a0\u00bb{}\u00a0\u00bb theme_builder_area=\u00a0\u00bbpost_content\u00a0\u00bb][et_pb_row _builder_version=\u00a0\u00bb4.25.1&Prime; _module_preset=\u00a0\u00bbdefault\u00a0\u00bb global_colors_info=\u00a0\u00bb{}\u00a0\u00bb theme_builder_area=\u00a0\u00bbpost_content\u00a0\u00bb][et_pb_column type=\u00a0\u00bb4_4&Prime; _builder_version=\u00a0\u00bb4.25.1&Prime; _module_preset=\u00a0\u00bbdefault\u00a0\u00bb global_colors_info=\u00a0\u00bb{}\u00a0\u00bb theme_builder_area=\u00a0\u00bbpost_content\u00a0\u00bb][et_pb_text _builder_version=\u00a0\u00bb4.25.1&Prime; _module_preset=\u00a0\u00bbdefault\u00a0\u00bb global_colors_info=\u00a0\u00bb{}\u00a0\u00bb theme_builder_area=\u00a0\u00bbpost_content\u00a0\u00bb]<\/p>\n<p>Ce mercredi 22 mai 2024, au si\u00e8ge du Front Populaire Ivoirien (FPI) situ\u00e9 aux 2 Plateaux-Vallons, une rencontre de haut niveau a eu lieu entre les dirigeants du parti, \u00e0 leur t\u00eate le pr\u00e9sident Pascal Affi N&rsquo;Guessan, et des repr\u00e9sentants de l&rsquo;ambassade de France en C\u00f4te d&rsquo;Ivoire. Monsieur Beno\u00eet Verdeaux, premier conseiller de l&rsquo;ambassade, et Monsieur Sofiane Larrousse, conseiller aux affaires politiques, ont \u00e9t\u00e9 re\u00e7us en audience, marquant une \u00e9tape significative dans le renforcement des relations bilat\u00e9rales entre les deux nations.<\/p>\n<p>[\/et_pb_text][et_pb_text _builder_version=\u00a0\u00bb4.25.1&Prime; _module_preset=\u00a0\u00bbdefault\u00a0\u00bb global_colors_info=\u00a0\u00bb{}\u00a0\u00bb theme_builder_area=\u00a0\u00bbpost_content\u00a0\u00bb]<\/p>\n<p>Les discussions fructueuses ont port\u00e9 sur divers sujets cruciaux, notamment l&rsquo;avenir politique et \u00e9lectoral de la C\u00f4te d&rsquo;Ivoire, et les moyens de promouvoir un dialogue constructif et ouvert. Cette rencontre a permis de r\u00e9affirmer l&rsquo;importance d&rsquo;une coop\u00e9ration renforc\u00e9e pour le d\u00e9veloppement et la stabilit\u00e9 du pays.<\/p>\n<p>[\/et_pb_text][et_pb_text _builder_version=\u00a0\u00bb4.25.1&Prime; _module_preset=\u00a0\u00bbdefault\u00a0\u00bb global_colors_info=\u00a0\u00bb{}\u00a0\u00bb theme_builder_area=\u00a0\u00bbpost_content\u00a0\u00bb]<\/p>\n<p>Les responsables du FPI, sous la direction de Pascal Affi N&rsquo;Guessan, ont exprim\u00e9 leur gratitude envers M. Beno\u00eet Verdeaux pour sa visite et son engagement \u00e0 consolider les liens entre la C\u00f4te d&rsquo;Ivoire et la France. Ce geste d\u00e9montre la volont\u00e9 de la France de soutenir la C\u00f4te d&rsquo;Ivoire dans ses efforts pour une transition d\u00e9mocratique r\u00e9ussie et une paix durable.<\/p>\n<p>[\/et_pb_text][et_pb_nextend_smart_slider_3 slider=\u00a0\u00bb2&Prime; _builder_version=\u00a0\u00bb4.25.1&Prime; _module_preset=\u00a0\u00bbdefault\u00a0\u00bb global_colors_info=\u00a0\u00bb{}\u00a0\u00bb theme_builder_area=\u00a0\u00bbpost_content\u00a0\u00bb][\/et_pb_nextend_smart_slider_3][et_pb_text _builder_version=\u00a0\u00bb4.25.1&Prime; _module_preset=\u00a0\u00bbdefault\u00a0\u00bb global_colors_info=\u00a0\u00bb{}\u00a0\u00bb theme_builder_area=\u00a0\u00bbpost_content\u00a0\u00bb]<\/p>\n<p>Le Front Populaire Ivoirien, dirig\u00e9 par Pascal Affi N&rsquo;Guessan, est fermement engag\u00e9 \u00e0 \u0153uvrer pour une C\u00f4te d&rsquo;Ivoire prosp\u00e8re, d\u00e9mocratique et pacifique. Le parti multiplie les initiatives diplomatiques pour renforcer sa pr\u00e9sence sur la sc\u00e8ne internationale et attirer le soutien de la communaut\u00e9 internationale en faveur de la stabilit\u00e9 et du d\u00e9veloppement du pays.<\/p>\n<p>[\/et_pb_text][et_pb_text _builder_version=\u00a0\u00bb4.25.1&Prime; _module_preset=\u00a0\u00bbdefault\u00a0\u00bb global_colors_info=\u00a0\u00bb{}\u00a0\u00bb theme_builder_area=\u00a0\u00bbpost_content\u00a0\u00bb]<\/p>\n<p>L&rsquo;activisme diplomatique du FPI, sous la direction \u00e9clair\u00e9e de Pascal Affi N&rsquo;Guessan, vise \u00e0 cr\u00e9er un environnement propice \u00e0 la paix et \u00e0 la prosp\u00e9rit\u00e9. En \u00e9tablissant des partenariats solides et en favorisant une coop\u00e9ration sinc\u00e8re avec ses alli\u00e9s, le parti esp\u00e8re surmonter les d\u00e9fis auxquels le pays est confront\u00e9. Cette strat\u00e9gie est essentielle pour consolider la paix en C\u00f4te d&rsquo;Ivoire et faire du pays un mod\u00e8le de d\u00e9mocratie et de d\u00e9veloppement en Afrique de l&rsquo;Ouest.<\/p>\n<p>[\/et_pb_text][et_pb_text _builder_version=\u00a0\u00bb4.25.1&Prime; _module_preset=\u00a0\u00bbdefault\u00a0\u00bb global_colors_info=\u00a0\u00bb{}\u00a0\u00bb theme_builder_area=\u00a0\u00bbpost_content\u00a0\u00bb]<\/p>\n<p>En conclusion, cette rencontre avec M. Verdeaux et M. Larrousse t\u00e9moigne de la volont\u00e9 partag\u00e9e de b\u00e2tir un avenir meilleur pour la C\u00f4te d&rsquo;Ivoire. Le Front Populaire Ivoirien, dirig\u00e9 par Pascal Affi N&rsquo;Guessan, r\u00e9it\u00e8re son engagement \u00e0 travailler sans rel\u00e2che pour une nation stable, d\u00e9mocratique et prosp\u00e8re, en renfor\u00e7ant ses relations avec la France et ses autres partenaires internationaux.<\/p>\n<p>[\/et_pb_text][\/et_pb_column][\/et_pb_row][\/et_pb_section]<\/p>\n","protected":false},"excerpt":{"rendered":"<p>Ce mercredi 22 mai 2024, au si\u00e8ge du Front Populaire Ivoirien (FPI) situ\u00e9 aux 2 Plateaux-Vallons, une rencontre de haut niveau a eu lieu entre les dirigeants du parti, \u00e0 leur t\u00eate le pr\u00e9sident Pascal Affi N&rsquo;Guessan, et des repr\u00e9sentants de l&rsquo;ambassade de France en C\u00f4te d&rsquo;Ivoire. Monsieur Beno\u00eet Verdeaux, premier conseiller de l&rsquo;ambassade, et Monsieur Sofiane Larrousse, conseiller aux affaires politiques, ont \u00e9t\u00e9 re\u00e7us en audience. Les discussions ont port\u00e9 sur l&rsquo;avenir politique de la C\u00f4te d&rsquo;Ivoire, r\u00e9affirmant l&rsquo;importance d&rsquo;un dialogue constructif pour la stabilit\u00e9 du pays.<\/p>\n","protected":false},"author":1,"featured_media":255,"comment_status":"open","ping_status":"open","sticky":false,"template":"","format":"standard","meta":{"_acf_changed":false,"_et_pb_use_builder":"on","_et_pb_old_content":"","_et_gb_content_width":"","footnotes":""},"categories":[9,20],"tags":[],"class_list":["post-262","post","type-post","status-publish","format-standard","has-post-thumbnail","hentry","category-actualites","category-diplomatie","et-has-post-format-content","et_post_format-et-post-format-standard"],"acf":[],"_links":{"self":[{"href":"https:\/\/paffinguessan.fr\/index.php\/wp-json\/wp\/v2\/posts\/262","targetHints":{"allow":["GET"]}}],"collection":[{"href":"https:\/\/paffinguessan.fr\/index.php\/wp-json\/wp\/v2\/posts"}],"about":[{"href":"https:\/\/paffinguessan.fr\/index.php\/wp-json\/wp\/v2\/types\/post"}],"author":[{"embeddable":true,"href":"https:\/\/paffinguessan.fr\/index.php\/wp-json\/wp\/v2\/users\/1"}],"replies":[{"embeddable":true,"href":"https:\/\/paffinguessan.fr\/index.php\/wp-json\/wp\/v2\/comments?post=262"}],"version-history":[{"count":4,"href":"https:\/\/paffinguessan.fr\/index.php\/wp-json\/wp\/v2\/posts\/262\/revisions"}],"predecessor-version":[{"id":286,"href":"https:\/\/paffinguessan.fr\/index.php\/wp-json\/wp\/v2\/posts\/262\/revisions\/286"}],"wp:featuredmedia":[{"embeddable":true,"href":"https:\/\/paffinguessan.fr\/index.php\/wp-json\/wp\/v2\/media\/255"}],"wp:attachment":[{"href":"https:\/\/paffinguessan.fr\/index.php\/wp-json\/wp\/v2\/media?parent=262"}],"wp:term":[{"taxonomy":"category","embeddable":true,"href":"https:\/\/paffinguessan.fr\/index.php\/wp-json\/wp\/v2\/categories?post=262"},{"taxonomy":"post_tag","embeddable":true,"href":"https:\/\/paffinguessan.fr\/index.php\/wp-json\/wp\/v2\/tags?post=262"}],"curies":[{"name":"wp","href":"https:\/\/api.w.org\/{rel}","templated":true}]}}