{"id":175,"date":"2024-05-09T19:53:01","date_gmt":"2024-05-09T17:53:01","guid":{"rendered":"https:\/\/paffinguessan.online\/?p=175"},"modified":"2024-05-09T19:53:02","modified_gmt":"2024-05-09T17:53:02","slug":"fpi-contre-tribalisme-clientelisme-discours-pascal-affi","status":"publish","type":"post","link":"https:\/\/paffinguessan.fr\/index.php\/2024\/05\/09\/fpi-contre-tribalisme-clientelisme-discours-pascal-affi\/","title":{"rendered":"Pascal Affi N\u2019Guessan : \u00ab le FPI n\u2019est ni un parti tribaliste ni un parti client\u00e9liste \u00bb"},"content":{"rendered":"<p>[et_pb_section fb_built=\u00a0\u00bb1&Prime; theme_builder_area=\u00a0\u00bbpost_content\u00a0\u00bb _builder_version=\u00a0\u00bb4.25.1&Prime; _module_preset=\u00a0\u00bbdefault\u00a0\u00bb][et_pb_row _builder_version=\u00a0\u00bb4.25.1&Prime; _module_preset=\u00a0\u00bbdefault\u00a0\u00bb theme_builder_area=\u00a0\u00bbpost_content\u00a0\u00bb][et_pb_column _builder_version=\u00a0\u00bb4.25.1&Prime; _module_preset=\u00a0\u00bbdefault\u00a0\u00bb type=\u00a0\u00bb4_4&Prime; theme_builder_area=\u00a0\u00bbpost_content\u00a0\u00bb][et_pb_text _builder_version=\u00a0\u00bb4.25.1&Prime; _module_preset=\u00a0\u00bbdefault\u00a0\u00bb theme_builder_area=\u00a0\u00bbpost_content\u00a0\u00bb hover_enabled=\u00a0\u00bb0&Prime; sticky_enabled=\u00a0\u00bb0&Prime;]<\/p>\n<p>Pascal Affi N\u2019Guessan, pr\u00e9sident du Front populaire ivoirien (FPI), a anim\u00e9 une conf\u00e9rence de presse au cours de laquelle il a d\u00e9clar\u00e9 que son parti, le FPI, n\u2019est pas un parti dans le tribalisme ni dans le client\u00e9lisme. C\u2019\u00e9tait\u00a0lors d\u2019une conf\u00e9rence de presse tenue au si\u00e8ge du parti \u00e0 Abidjan &#8211; Cocody-Les II Plateaux-Vallons,\u00a0\u00e0 l\u2019occasion de la traditionnelle f\u00eate de sa Libert\u00e9 qui, cette ann\u00e9e, a fait place \u00e0 la r\u00e9flexion et \u00e0 la politique.<\/p>\n<p>[\/et_pb_text][et_pb_text _builder_version=\u00a0\u00bb4.25.1&Prime; _module_preset=\u00a0\u00bbdefault\u00a0\u00bb theme_builder_area=\u00a0\u00bbpost_content\u00a0\u00bb hover_enabled=\u00a0\u00bb0&Prime; sticky_enabled=\u00a0\u00bb0&Prime;]<\/p>\n<p>L\u2019ancien Premier ministre ivoirien, Pascal Affi N\u2019Guessan a d\u00e9clar\u00e9 avec force que le FPI n\u2019est pas un parti tribaliste ou client\u00e9liste. Il a soulign\u00e9 que le parti est en difficult\u00e9 parce que l\u2019\u00e9lectorat ivoirien \u00e9tait domin\u00e9 par le tribalisme jusqu\u2019\u00e0 une certaine date. \u00ab\u00a0<em>Le FPI n\u2019est pas un parti client\u00e9liste, le FPI n\u2019est parti un parti tribaliste. Nous sommes en difficult\u00e9 par rapport parce que l\u2019\u00e9lectorat ivoirien, jusqu\u2019\u00e0 une certaine date, \u00e9tait domin\u00e9 par le<\/em>\u00a0tribalisme\u00a0\u00bb, a indiqu\u00e9 le patron de la Maison bleu et blanc.<\/p>\n<p>[\/et_pb_text][et_pb_text _builder_version=\u00a0\u00bb4.25.1&Prime; _module_preset=\u00a0\u00bbdefault\u00a0\u00bb theme_builder_area=\u00a0\u00bbpost_content\u00a0\u00bb hover_enabled=\u00a0\u00bb0&Prime; sticky_enabled=\u00a0\u00bb0&Prime;]<\/p>\n<p>Le pr\u00e9sident du FPI a aussi critiqu\u00e9 les partis qui prosp\u00e8rent non pas parce qu\u2019ils sont meilleurs, mais parce qu\u2019ils exploitent le tribalisme et le client\u00e9lisme.\u00a0\u00ab\u00a0<em>Ceux qui prosp\u00e8rent, ce n\u2019est pas parce qu\u2019ils sont mieux que nous. Ceux qui gagnent les \u00e9lections, ce n\u2019est pas parce qu\u2019ils sont mieux que nous. Ils gagnent parce qu\u2019ils puisent dans le tribalisme et dans le client\u00e9lisme, parce qu\u2019ils ont des ghettos ethniques. C\u2019est tout leur avantage. Que ce soit le RHDP, que ce soit le PDCI, que ce soit le PPA-CI, c\u2019est tout \u00e7a\u00a0!\u00a0<\/em>\u00bb, a-t-il insist\u00e9.<\/p>\n<p>[\/et_pb_text][et_pb_text _builder_version=\u00a0\u00bb4.25.1&Prime; _module_preset=\u00a0\u00bbdefault\u00a0\u00bb theme_builder_area=\u00a0\u00bbpost_content\u00a0\u00bb hover_enabled=\u00a0\u00bb0&Prime; sticky_enabled=\u00a0\u00bb0&Prime;]<\/p>\n<p>Pour Pascal Affi N\u2019Guessan, son parti, le FPI, est en difficult\u00e9 parce qu\u2019il n\u2019est pas un parti tribaliste.\u00a0\u00ab\u00a0<em>Notre difficult\u00e9, c\u2019est que nous ne sommes pas un tribaliste. Nous ne pouvons pas compter sur une tribu pour avoir des \u00e9lus. Nous sommes donc oblig\u00e9s de compter sur notre projet politique. Notre d\u00e9fi, c\u2019est comment nous amenons les Ivoiriens \u00e0 privil\u00e9gier notre projet politique au d\u00e9triment du projet tribal, au d\u00e9triment du projet client\u00e9liste<\/em>\u00a0\u00bb, a-t-il relev\u00e9.<\/p>\n<p>[\/et_pb_text][et_pb_text _builder_version=\u00a0\u00bb4.25.1&Prime; _module_preset=\u00a0\u00bbdefault\u00a0\u00bb theme_builder_area=\u00a0\u00bbpost_content\u00a0\u00bb hover_enabled=\u00a0\u00bb0&Prime; sticky_enabled=\u00a0\u00bb0&Prime;]<\/p>\n<p>Pascal Affi N\u2019Guessan a \u00e9galement mentionn\u00e9 que le comportement des Ivoiriens lors de la Coupe d\u2019Afrique des Nations est un signe prometteur pour l\u2019avenir du FPI. Il a d\u00e9clar\u00e9 que les Ivoiriens sont sortis du tribalisme et du client\u00e9lisme pour soutenir leur \u00e9quipe nationale, ce qui pr\u00e9sage de leur soutien futur au FPI. \u00ab\u00a0<em>Et c\u2019est pourquoi j\u2019ai \u00e9t\u00e9 tr\u00e8s attentif au comportement des Ivoiriens par rapport \u00e0 la Coupe d\u2019Afrique des Nations. Ce qu\u2019ils ont fait pr\u00e9sagent de notre victoire. Parce qu\u2019\u00e0 la Coupe d\u2019Afrique des Nations, les Ivoiriens sont sortis du tribalisme et du client\u00e9lisme. En d\u2019autre temps, vous auriez vu des gens militer pour que la C\u00f4te d\u2019Ivoire perde sinon Ouattara va en tirer profit. Mais en ce temps, les Ivoiriens ont milit\u00e9 pour la C\u00f4te d\u2019Ivoire et en 2025, ils vont militer pour la C\u00f4te d\u2019Ivoire. Et donc, ils vont nous \u00e9couter\u00a0<\/em>\u00bb, s\u2019est-il convaincu.<\/p>\n<p>[\/et_pb_text][et_pb_text _builder_version=\u00a0\u00bb4.25.1&Prime; _module_preset=\u00a0\u00bbdefault\u00a0\u00bb theme_builder_area=\u00a0\u00bbpost_content\u00a0\u00bb hover_enabled=\u00a0\u00bb0&Prime; sticky_enabled=\u00a0\u00bb0&Prime;]<\/p>\n<p>Pascal Affi N\u2019Guessan a alors attir\u00e9 l\u2019attention de ses compatriotes sur le discours actuel du Rassemblement des houphou\u00e9tistes pour la d\u00e9mocratie et la paix (RHDP), le parti au pouvoir, par rapport \u00e0 une \u00e9ventuelle candidature de Ouattara et par rapport m\u00eame au tribalisme de la part de son secr\u00e9taire ex\u00e9cutif, le ministre-gouverneur Ciss\u00e9 Ibrahima Bacongo, qui a eu des r\u00e9actions vis-\u00e0-vis de Tidjane Thiam. \u00ab\u00a0<em>Vous avez vu que \u00e7a n\u2019a pas \u00e9t\u00e9 appr\u00e9ci\u00e9, que \u00e7a n\u2019a pas eu d\u2019\u00e9chos, que quelque part m\u00eame, il y a eu des murmures de d\u00e9sapprobation. Les Ivoiriens ont tout exp\u00e9riment\u00e9. Le tribalisme a amen\u00e9 certains \u00e0 prendre les fusils. Ils ont vu que \u00e7a nous a amen\u00e9 nulle part. Le tribalisme a amen\u00e9 certains \u00e0 vouloir \u2018\u2019contourner le caillou\u2019\u2019. Mais on en est o\u00f9\u00a0? On s\u2019est tous rendu compte que ce n\u2019est pas dans le tribalisme que se trouve l\u2019avenir. Et nous, le sachant, sommes \u00e0 l\u2019aise. C\u2019est pourquoi nous ne nous morfondons pas par rapport \u00e0 \u2018\u2019l\u2019enveloppe vide\u2019\u2019<\/em>\u00a0\u00bb, a fait remarquer Pascal Affi N\u2019Guessan.<\/p>\n<p>[\/et_pb_text][et_pb_text _builder_version=\u00a0\u00bb4.25.1&Prime; _module_preset=\u00a0\u00bbdefault\u00a0\u00bb theme_builder_area=\u00a0\u00bbpost_content\u00a0\u00bb hover_enabled=\u00a0\u00bb0&Prime; sticky_enabled=\u00a0\u00bb0&Prime;]<\/p>\n<p>En conclusion, Pascal Affi\u00a0N\u2019Guessan a affirm\u00e9 que le FPI n\u2019est pas une \u201cenveloppe vide\u201d, mais un parti avec une base solide et un engagement envers un avenir meilleur pour la C\u00f4te d\u2019Ivoire. Il a fait r\u00e9f\u00e9rence \u00e0 des \u00e9v\u00e9nements pass\u00e9s, tels que leur congr\u00e8s de 2021 et leur pr\u00e9sence \u00e0 Man et \u00e0 Abengourou, pour souligner la force et la r\u00e9silience du FPI. \u00ab\u00a0<em>Nous sommes convaincus que nous ne sommes pas une \u2018\u2019enveloppe vide\u2019\u2019. Vous nous avez vu \u00e0 Man l\u2019ann\u00e9e derni\u00e8re. Je ne sais pas s\u2019il y a beaucoup de partis, ici, \u00e0 Abidjan qui peuvent faire ce que nous avons fait \u00e0 Man. Vous nous avez vu \u00e0 notre Congr\u00e8s en 2021 alors m\u00eame qu\u2019on venait de d\u00e9clarer \u2018\u2019l\u2019enveloppe vide\u2019\u2019 fra\u00eechement. Vous nous avez vu \u00e0 Abengourou. Jusque-l\u00e0, il n\u2019y a pas eu un seul rendez-vous que nous avons pris avec nos militants et qui ait \u00e9t\u00e9 un \u00e9chec. Que ce soit dans le cadre d\u2019un congr\u00e8s ou que ce soit dans le cadre d\u2019une f\u00eate de la Libert\u00e9. Et c\u2019est cela qui nous rend sereins. Nous savons que notre faiblesse c\u2019est le tribalisme et le client\u00e9lisme. Ce n\u2019est pas l\u2019ancrage dans la soci\u00e9t\u00e9 ivoirienne<\/em>\u00a0\u00bb, a tranch\u00e9 Pascal Affi N\u2019Guessan.<\/p>\n<p>[\/et_pb_text][et_pb_text _builder_version=\u00a0\u00bb4.25.1&Prime; _module_preset=\u00a0\u00bbdefault\u00a0\u00bb theme_builder_area=\u00a0\u00bbpost_content\u00a0\u00bb hover_enabled=\u00a0\u00bb0&Prime; sticky_enabled=\u00a0\u00bb0&Prime;]<\/p>\n<p><strong>De Robert Krassault<\/strong><\/p>\n<p>[\/et_pb_text][\/et_pb_column][\/et_pb_row][\/et_pb_section]<\/p>\n","protected":false},"excerpt":{"rendered":"<p>Pascal Affi N\u2019Guessan, pr\u00e9sident du Front populaire ivoirien (FPI), a r\u00e9affirm\u00e9 lors d&rsquo;une conf\u00e9rence de presse \u00e0 Abidjan que le FPI ne se laisse pas emporter par le tribalisme ou le client\u00e9lisme. Dans un discours empreint de conviction, il a soulign\u00e9 la n\u00e9cessit\u00e9 pour la C\u00f4te d\u2019Ivoire de d\u00e9passer ces maux politiques pour construire un avenir bas\u00e9 sur des valeurs d\u00e9mocratiques.<\/p>\n","protected":false},"author":2,"featured_media":180,"comment_status":"open","ping_status":"open","sticky":false,"template":"","format":"standard","meta":{"_acf_changed":false,"_et_pb_use_builder":"on","_et_pb_old_content":"","_et_gb_content_width":"","footnotes":""},"categories":[18],"tags":[],"class_list":["post-175","post","type-post","status-publish","format-standard","has-post-thumbnail","hentry","category-politique","et-has-post-format-content","et_post_format-et-post-format-standard"],"acf":[],"_links":{"self":[{"href":"https:\/\/paffinguessan.fr\/index.php\/wp-json\/wp\/v2\/posts\/175","targetHints":{"allow":["GET"]}}],"collection":[{"href":"https:\/\/paffinguessan.fr\/index.php\/wp-json\/wp\/v2\/posts"}],"about":[{"href":"https:\/\/paffinguessan.fr\/index.php\/wp-json\/wp\/v2\/types\/post"}],"author":[{"embeddable":true,"href":"https:\/\/paffinguessan.fr\/index.php\/wp-json\/wp\/v2\/users\/2"}],"replies":[{"embeddable":true,"href":"https:\/\/paffinguessan.fr\/index.php\/wp-json\/wp\/v2\/comments?post=175"}],"version-history":[{"count":4,"href":"https:\/\/paffinguessan.fr\/index.php\/wp-json\/wp\/v2\/posts\/175\/revisions"}],"predecessor-version":[{"id":190,"href":"https:\/\/paffinguessan.fr\/index.php\/wp-json\/wp\/v2\/posts\/175\/revisions\/190"}],"wp:featuredmedia":[{"embeddable":true,"href":"https:\/\/paffinguessan.fr\/index.php\/wp-json\/wp\/v2\/media\/180"}],"wp:attachment":[{"href":"https:\/\/paffinguessan.fr\/index.php\/wp-json\/wp\/v2\/media?parent=175"}],"wp:term":[{"taxonomy":"category","embeddable":true,"href":"https:\/\/paffinguessan.fr\/index.php\/wp-json\/wp\/v2\/categories?post=175"},{"taxonomy":"post_tag","embeddable":true,"href":"https:\/\/paffinguessan.fr\/index.php\/wp-json\/wp\/v2\/tags?post=175"}],"curies":[{"name":"wp","href":"https:\/\/api.w.org\/{rel}","templated":true}]}}